{"id":3442,"date":"2020-06-04T13:02:50","date_gmt":"2020-06-04T11:02:50","guid":{"rendered":"https:\/\/www.celside-magazine.com\/?p=3442"},"modified":"2020-06-09T12:08:29","modified_gmt":"2020-06-09T10:08:29","slug":"solo-el-10-de-los-espanoles-recicla-su-telefono-movil-en-puntos-verdes-y-un-47-almacena-los-dispositivos-antiguos-en-casa","status":"publish","type":"post","link":"https:\/\/www.celside-magazine.com\/es-es\/solo-el-10-de-los-espanoles-recicla-su-telefono-movil-en-puntos-verdes-y-un-47-almacena-los-dispositivos-antiguos-en-casa\/","title":{"rendered":"Solo el 10% de los espa\u00f1oles recicla su tel\u00e9fono m\u00f3vil en puntos verdes y un 47% almacena los dispositivos antiguos en casa"},"content":{"rendered":"\n<ul><li><strong><em>El 57% cambia su tel\u00e9fono m\u00f3vil cuando su dispositivo a\u00fan sigue funcionando<\/em><\/strong><\/li><li><strong><em>El 55% considerar\u00eda adquirir un m\u00f3vil de segunda mano, aunque solo un 17% lo ha hecho<\/em><\/strong><\/li><li><strong><em>Los millenials, los m\u00e1s sostenibles: el 39% de entre 18 y 24 a\u00f1os ha adquirido un m\u00f3vil de segunda mano y un 74% reparar\u00eda su tel\u00e9fono antes de comprar otro<\/em><\/strong><\/li><\/ul>\n\n\n\n<p><a><strong>Barcelona, 4 de junio 2020<\/strong><\/a>. \u2013 En el D\u00eda Mundial del Medio Ambiente, <a rel=\"noreferrer noopener\" aria-label=\"los organismos internacionales abogan por un consumo sostenible (s\u2019ouvre dans un nouvel onglet)\" href=\"https:\/\/www.un.org\/sustainabledevelopment\/es\/sustainable-consumption-production\/\" target=\"_blank\">los organismos internacionales abogan por un consumo sostenible<\/a>, que apueste por el reciclaje y la reutilizaci\u00f3n de bienes como electrodom\u00e9sticos y dispositivos electr\u00f3nicos, que cada a\u00f1o generan cerca de <a rel=\"noreferrer noopener\" aria-label=\"50 millones de toneladas (s\u2019ouvre dans un nouvel onglet)\" href=\"https:\/\/www.itu.int\/en\/ITU-D\/Climate-Change\/Documents\/GEM%202017\/GEM%202017-S.pdf\" target=\"_blank\">50 millones de toneladas<\/a> de residuos. <\/p>\n\n\n\n<p>El <em>I Bar\u00f3metro de la Vida Digital en Europa<\/em> realizado por <a><strong>Celside Insurance<\/strong><\/a>, l\u00edder europeo en seguros para dispositivos m\u00f3viles, y <a><strong>Harris Interactive<\/strong><\/a>, expertos en an\u00e1lisis datos, pone de manifiesto que solo un 10% de los espa\u00f1oles deposita su tel\u00e9fono m\u00f3vil en puntos de reciclaje espec\u00edficos, un porcentaje algo mayor al de los franceses (9%) o portugueses (3%).&nbsp; <\/p>\n\n\n\n<h3><strong>Suspenso en reciclaje: casi\nla mitad guarda los m\u00f3viles que ya no usa en su casa <\/strong><\/h3>\n\n\n\n<p>\u00bfQu\u00e9 hacen los espa\u00f1oles cuando\ndeciden cambiar de tel\u00e9fono? Un 47%, almacena el antiguo en su casa, un 31% se\nlo da a otra persona, un 10% lo vende en Internet y un 1% lo tira junto al\nresto de desechos. Porcentajes similares a los de los pa\u00edses vecinos: los\nfranceses son los que menos almacenan en casa (36%) frente a los portugueses\n(55%), y son los vecinos galos los que m\u00e1s los dan a terceras personas (39%) y\ntiran junto al resto de desechos (3%).<\/p>\n\n\n\n<p>Por edades, son <a href=\"https:\/\/www.europapress.es\/comunicados\/tic-00911\/noticia-comunicado-49-espanoles-no-recicla-telefono-movil-estudio-impacto-emocional-economico-movil-20190521103753.html\" target=\"_blank\" rel=\"noreferrer noopener\" aria-label=\"los espa\u00f1oles m\u00e1s j\u00f3venes (s\u2019ouvre dans un nouvel onglet)\">los espa\u00f1oles m\u00e1s j\u00f3venes<\/a>, en un 34%, los que m\u00e1s ceden o venden sus tel\u00e9fonos a otras personas tras haberlos usado frente al 26% de los mayores de 45 a\u00f1os.&nbsp; <\/p>\n\n\n\n<p>Es importante incidir en la importancia de los beneficios que aporta alargar la vida \u00fatil de los tel\u00e9fonos m\u00f3viles, tanto para el usuario como el medio ambiente \u201c<em>Existe una predisposici\u00f3n por parte los usuarios por el reciclaje del m\u00f3vil o la compra de un dispositivo reacondicionado, aunque solo un peque\u00f1o porcentaje lo haya hecho. En este sentido, es importante aumentar el conocimiento de los beneficios que supone, especialmente para el medio ambiente y asegurar a los usuarios garant\u00edas de funcionamiento, para intentar aumentar el consumo de este tipo de dispositivos<\/em>\u201d explica <a><strong>Sadri Fegaier, CEO de Celside Insurance<\/strong><\/a>.<\/p>\n\n\n\n<h3><strong>La mayor\u00eda cambia de tel\u00e9fono\nsin necesidad y solo un 17% opta por m\u00f3viles de segunda mano<\/strong><\/h3>\n\n\n\n<p>El 57% de los espa\u00f1oles\nafirma que ha cambiado su modelo de dispositivo cuando el anterior a\u00fan segu\u00eda\nfuncionando. Son los hombres, en un 62% de los casos, los que m\u00e1s optan por\nesta nueva adquisici\u00f3n.<\/p>\n\n\n\n<p>Comprar un dispositivo m\u00e1s reciente es el motivo principal del cambio,\n\u00bfpero estar\u00edan los espa\u00f1oles dispuestos a adquirir m\u00f3viles de segunda mano o\nreacondicionados? Aunque la mayor\u00eda, un 55%, afirma que lo considerar\u00eda por\nmotivos de precio y contribuci\u00f3n a la econom\u00eda circular, solo un 17% lo ha\nhecho.<\/p>\n\n\n\n<p>Los j\u00f3venes espa\u00f1oles entre\n18 y 24 a\u00f1os son los que m\u00e1s han puesto en pr\u00e1ctica la compra de un m\u00f3vil de\nsegunda mano: un 39% lo ha hecho, frente al 32% de los franceses y el 28% de\nlos portugueses de la misma edad.<\/p>\n\n\n\n<p>Las cifras son similares en los pa\u00edses de nuestro entorno: el 67% de los franceses y el 58% de los portugueses considerar\u00eda la compra de segunda mano como posible opci\u00f3n. Mientras que el 20% y el 14% de la poblaci\u00f3n de Francia y Portugal, respectivamente, ha adquirido un tel\u00e9fono m\u00f3vil reacondicionado alguna vez. <\/p>\n\n\n\n<h3><strong>La opci\u00f3n de reparar un\nm\u00f3vil es preferible antes que comprar uno de segunda mano<\/strong><\/h3>\n\n\n\n<p>Seg\u00fan datos del I Bar\u00f3metro de la Vida Digital, un 60% de los espa\u00f1oles estar\u00eda dispuesto a arreglar o reacondicionar su dispositivo m\u00f3vil para alargar su vida \u00fatil antes de comprar una nuevo. Entre los j\u00f3venes entre 18 y 24 a\u00f1os esta opci\u00f3n aumenta hasta un 74%.<\/p>\n\n\n\n<p>En cuanto a los pa\u00edses vecinos, el 72% de los portugueses y el 54% de los franceses apostar\u00edan por darle una segunda oportunidad a su m\u00f3vil antes de adquirir uno nuevo. <\/p>\n\n\n\n<p>Entre el 45% de los espa\u00f1oles que no contempla la compra de dispositivos de segunda mano, prima el hecho de no estrenar un tel\u00e9fono (46%,) o la inquietud de que su funcionamiento no sea el adecuado (41%). El 42% de los franceses considera que la vida del tel\u00e9fono reacondicionado puede ser m\u00e1s corta o no funcione correctamente, mientras que no estrenar un nuevo modelo es el principal inconveniente para el 51% de los portugueses.<\/p>\n\n\n\n<p>\u201cLa econom\u00eda circular tiende<em> a crecer a medida que pasa el tiempo, y entre las causas est\u00e1 la preocupaci\u00f3n de la poblaci\u00f3n por el medio ambiente y el impacto que nuestras acciones tienen en \u00e9l. Es una de las principales razones para adquirir dispositivos m\u00f3viles reacondicionados\u201d <\/em>explica<strong> <\/strong><a><strong>Jean-Daniel Levy Director de Pol\u00edtica y Opini\u00f3n de Harris Interactive<\/strong><\/a><em>.<\/em><\/p>\n\n\n\n<p>El <em>I Bar\u00f3metro de la Vida Digital en Europa<\/em> realizado por <a><strong>Celside Insurance<\/strong><\/a> y <a><strong>Harris Interactive<\/strong><\/a><strong> <\/strong>muestra que, si bien se contemplan las opciones de reparaci\u00f3n de tel\u00e9fonos y de compra de dispositivos de segunda mano, a\u00fan prima un consumo poco sostenible. Los usuarios siguen optando por la adquisici\u00f3n de nuevos dispositivos, aunque los anteriores funcionen y por almacenar en casa los antiguos, sin contemplar la opci\u00f3n de alargar su vida y potenciar la econom\u00eda circular.<\/p>\n\n\n\n<h3><strong>Metodolog\u00eda del estudio<\/strong><\/h3>\n\n\n\n<p>El estudio ha sido realizado con muestras representativas de 1.002 ciudadanos franceses, 1.041 espa\u00f1oles y 1.002 portugueses mayores de edad.<\/p>\n\n\n\n<figure class=\"wp-block-image is-resized\"><img loading=\"lazy\" src=\"https:\/\/www.celside-magazine.com\/app\/uploads\/2020\/05\/logos.png\" alt=\"\" class=\"wp-image-3412\" width=\"229\" height=\"73\" srcset=\"https:\/\/www.celside-magazine.com\/app\/uploads\/2020\/05\/logos.png 591w, https:\/\/www.celside-magazine.com\/app\/uploads\/2020\/05\/logos-320x102.png 320w, https:\/\/www.celside-magazine.com\/app\/uploads\/2020\/05\/logos-560x178.png 560w\" sizes=\"(max-width: 229px) 100vw, 229px\" \/><\/figure>\n","protected":false},"excerpt":{"rendered":"<p>El 57% cambia su tel\u00e9fono m\u00f3vil cuando su dispositivo a\u00fan sigue funcionando El 55% considerar\u00eda adquirir un m\u00f3vil de segunda mano, aunque solo un 17% lo ha hecho Los millenials,&hellip;<\/p>\n","protected":false},"author":16,"featured_media":3580,"comment_status":"closed","ping_status":"open","sticky":false,"template":"","format":"standard","meta":[],"categories":[34],"yoast_head":"<!-- This site is optimized with the Yoast SEO plugin v17.4 - https:\/\/yoast.com\/wordpress\/plugins\/seo\/ -->\n<title>Solo el 10% de los espa\u00f1oles recicla su tel\u00e9fono m\u00f3vil en puntos verdes y un 47% almacena los dispositivos antiguos en casa - Celside Magazine<\/title>\n<meta name=\"robots\" content=\"index, follow, max-snippet:-1, max-image-preview:large, max-video-preview:-1\" \/>\n<link rel=\"canonical\" href=\"https:\/\/www.celside-magazine.com\/es-es\/solo-el-10-de-los-espanoles-recicla-su-telefono-movil-en-puntos-verdes-y-un-47-almacena-los-dispositivos-antiguos-en-casa\/\" \/>\n<meta property=\"og:locale\" content=\"es_ES\" \/>\n<meta property=\"og:type\" content=\"article\" \/>\n<meta property=\"og:title\" content=\"Solo el 10% de los espa\u00f1oles recicla su tel\u00e9fono m\u00f3vil en puntos verdes y un 47% almacena los dispositivos antiguos en casa - Celside Magazine\" \/>\n<meta property=\"og:description\" content=\"El 57% cambia su tel\u00e9fono m\u00f3vil cuando su dispositivo a\u00fan sigue funcionando El 55% considerar\u00eda adquirir un m\u00f3vil de segunda mano, aunque solo un 17% lo ha hecho Los millenials,&hellip;\" \/>\n<meta property=\"og:url\" content=\"https:\/\/www.celside-magazine.com\/es-es\/solo-el-10-de-los-espanoles-recicla-su-telefono-movil-en-puntos-verdes-y-un-47-almacena-los-dispositivos-antiguos-en-casa\/\" \/>\n<meta property=\"og:site_name\" content=\"Celside Magazine\" \/>\n<meta property=\"article:published_time\" content=\"2020-06-04T11:02:50+00:00\" \/>\n<meta property=\"article:modified_time\" content=\"2020-06-09T10:08:29+00:00\" \/>\n<meta property=\"og:image\" content=\"https:\/\/www.celside-magazine.com\/app\/uploads\/2020\/06\/12639O\u0302C\u0327o\u0301CELSIDE_Infographie-Observatoire-ES-e1591347326197.png\" \/>\n\t<meta property=\"og:image:width\" content=\"1200\" \/>\n\t<meta property=\"og:image:height\" content=\"750\" \/>\n<meta name=\"twitter:card\" content=\"summary_large_image\" \/>\n<meta name=\"twitter:label1\" content=\"Escrito por\" \/>\n\t<meta name=\"twitter:data1\" content=\"Celside\" \/>\n\t<meta name=\"twitter:label2\" content=\"Tiempo de lectura\" \/>\n\t<meta name=\"twitter:data2\" content=\"5 minutos\" \/>\n<script type=\"application\/ld+json\" class=\"yoast-schema-graph\">{\"@context\":\"https:\/\/schema.org\",\"@graph\":[{\"@type\":\"WebSite\",\"@id\":\"https:\/\/www.celside-magazine.com\/fr-fr\/#website\",\"url\":\"https:\/\/www.celside-magazine.com\/fr-fr\/\",\"name\":\"Celside Magazine\",\"description\":\"Celside Insurance Magazine\",\"potentialAction\":[{\"@type\":\"SearchAction\",\"target\":{\"@type\":\"EntryPoint\",\"urlTemplate\":\"https:\/\/www.celside-magazine.com\/fr-fr\/?s={search_term_string}\"},\"query-input\":\"required name=search_term_string\"}],\"inLanguage\":\"es\"},{\"@type\":\"ImageObject\",\"@id\":\"https:\/\/www.celside-magazine.com\/es-es\/solo-el-10-de-los-espanoles-recicla-su-telefono-movil-en-puntos-verdes-y-un-47-almacena-los-dispositivos-antiguos-en-casa\/#primaryimage\",\"inLanguage\":\"es\",\"url\":\"https:\/\/www.celside-magazine.com\/app\/uploads\/2020\/06\/12639O\\u0302C\\u0327o\\u0301CELSIDE_Infographie-Observatoire-ES-e1591347326197.png\",\"contentUrl\":\"https:\/\/www.celside-magazine.com\/app\/uploads\/2020\/06\/12639O\\u0302C\\u0327o\\u0301CELSIDE_Infographie-Observatoire-ES-e1591347326197.png\",\"width\":1200,\"height\":750,\"caption\":\"Reciclaje - Celside Magazine\"},{\"@type\":\"WebPage\",\"@id\":\"https:\/\/www.celside-magazine.com\/es-es\/solo-el-10-de-los-espanoles-recicla-su-telefono-movil-en-puntos-verdes-y-un-47-almacena-los-dispositivos-antiguos-en-casa\/#webpage\",\"url\":\"https:\/\/www.celside-magazine.com\/es-es\/solo-el-10-de-los-espanoles-recicla-su-telefono-movil-en-puntos-verdes-y-un-47-almacena-los-dispositivos-antiguos-en-casa\/\",\"name\":\"Solo el 10% de los espa\\u00f1oles recicla su tel\\u00e9fono m\\u00f3vil en puntos verdes y un 47% almacena los dispositivos antiguos en casa - Celside Magazine\",\"isPartOf\":{\"@id\":\"https:\/\/www.celside-magazine.com\/fr-fr\/#website\"},\"primaryImageOfPage\":{\"@id\":\"https:\/\/www.celside-magazine.com\/es-es\/solo-el-10-de-los-espanoles-recicla-su-telefono-movil-en-puntos-verdes-y-un-47-almacena-los-dispositivos-antiguos-en-casa\/#primaryimage\"},\"datePublished\":\"2020-06-04T11:02:50+00:00\",\"dateModified\":\"2020-06-09T10:08:29+00:00\",\"author\":{\"@id\":\"https:\/\/www.celside-magazine.com\/fr-fr\/#\/schema\/person\/0f72cbc3759b935e65d728e2cf137266\"},\"breadcrumb\":{\"@id\":\"https:\/\/www.celside-magazine.com\/es-es\/solo-el-10-de-los-espanoles-recicla-su-telefono-movil-en-puntos-verdes-y-un-47-almacena-los-dispositivos-antiguos-en-casa\/#breadcrumb\"},\"inLanguage\":\"es\",\"potentialAction\":[{\"@type\":\"ReadAction\",\"target\":[\"https:\/\/www.celside-magazine.com\/es-es\/solo-el-10-de-los-espanoles-recicla-su-telefono-movil-en-puntos-verdes-y-un-47-almacena-los-dispositivos-antiguos-en-casa\/\"]}]},{\"@type\":\"BreadcrumbList\",\"@id\":\"https:\/\/www.celside-magazine.com\/es-es\/solo-el-10-de-los-espanoles-recicla-su-telefono-movil-en-puntos-verdes-y-un-47-almacena-los-dispositivos-antiguos-en-casa\/#breadcrumb\",\"itemListElement\":[{\"@type\":\"ListItem\",\"position\":1,\"name\":\"Accueil\",\"item\":\"https:\/\/www.celside-magazine.com\/es-es\/\"},{\"@type\":\"ListItem\",\"position\":2,\"name\":\"Solo el 10% de los espa\\u00f1oles recicla su tel\\u00e9fono m\\u00f3vil en puntos verdes y un 47% almacena los dispositivos antiguos en casa\"}]},{\"@type\":\"Person\",\"@id\":\"https:\/\/www.celside-magazine.com\/fr-fr\/#\/schema\/person\/0f72cbc3759b935e65d728e2cf137266\",\"name\":\"Celside\"}]}<\/script>\n<!-- \/ Yoast SEO plugin. -->","yoast_head_json":{"title":"Solo el 10% de los espa\u00f1oles recicla su tel\u00e9fono m\u00f3vil en puntos verdes y un 47% almacena los dispositivos antiguos en casa - Celside Magazine","robots":{"index":"index","follow":"follow","max-snippet":"max-snippet:-1","max-image-preview":"max-image-preview:large","max-video-preview":"max-video-preview:-1"},"canonical":"https:\/\/www.celside-magazine.com\/es-es\/solo-el-10-de-los-espanoles-recicla-su-telefono-movil-en-puntos-verdes-y-un-47-almacena-los-dispositivos-antiguos-en-casa\/","og_locale":"es_ES","og_type":"article","og_title":"Solo el 10% de los espa\u00f1oles recicla su tel\u00e9fono m\u00f3vil en puntos verdes y un 47% almacena los dispositivos antiguos en casa - Celside Magazine","og_description":"El 57% cambia su tel\u00e9fono m\u00f3vil cuando su dispositivo a\u00fan sigue funcionando El 55% considerar\u00eda adquirir un m\u00f3vil de segunda mano, aunque solo un 17% lo ha hecho Los millenials,&hellip;","og_url":"https:\/\/www.celside-magazine.com\/es-es\/solo-el-10-de-los-espanoles-recicla-su-telefono-movil-en-puntos-verdes-y-un-47-almacena-los-dispositivos-antiguos-en-casa\/","og_site_name":"Celside Magazine","article_published_time":"2020-06-04T11:02:50+00:00","article_modified_time":"2020-06-09T10:08:29+00:00","og_image":[{"width":1200,"height":750,"url":"https:\/\/www.celside-magazine.com\/app\/uploads\/2020\/06\/12639O\u0302C\u0327o\u0301CELSIDE_Infographie-Observatoire-ES-e1591347326197.png","type":"image\/png"}],"twitter_card":"summary_large_image","twitter_misc":{"Escrito por":"Celside","Tiempo de lectura":"5 minutos"},"schema":{"@context":"https:\/\/schema.org","@graph":[{"@type":"WebSite","@id":"https:\/\/www.celside-magazine.com\/fr-fr\/#website","url":"https:\/\/www.celside-magazine.com\/fr-fr\/","name":"Celside Magazine","description":"Celside Insurance Magazine","potentialAction":[{"@type":"SearchAction","target":{"@type":"EntryPoint","urlTemplate":"https:\/\/www.celside-magazine.com\/fr-fr\/?s={search_term_string}"},"query-input":"required name=search_term_string"}],"inLanguage":"es"},{"@type":"ImageObject","@id":"https:\/\/www.celside-magazine.com\/es-es\/solo-el-10-de-los-espanoles-recicla-su-telefono-movil-en-puntos-verdes-y-un-47-almacena-los-dispositivos-antiguos-en-casa\/#primaryimage","inLanguage":"es","url":"https:\/\/www.celside-magazine.com\/app\/uploads\/2020\/06\/12639O\u0302C\u0327o\u0301CELSIDE_Infographie-Observatoire-ES-e1591347326197.png","contentUrl":"https:\/\/www.celside-magazine.com\/app\/uploads\/2020\/06\/12639O\u0302C\u0327o\u0301CELSIDE_Infographie-Observatoire-ES-e1591347326197.png","width":1200,"height":750,"caption":"Reciclaje - Celside Magazine"},{"@type":"WebPage","@id":"https:\/\/www.celside-magazine.com\/es-es\/solo-el-10-de-los-espanoles-recicla-su-telefono-movil-en-puntos-verdes-y-un-47-almacena-los-dispositivos-antiguos-en-casa\/#webpage","url":"https:\/\/www.celside-magazine.com\/es-es\/solo-el-10-de-los-espanoles-recicla-su-telefono-movil-en-puntos-verdes-y-un-47-almacena-los-dispositivos-antiguos-en-casa\/","name":"Solo el 10% de los espa\u00f1oles recicla su tel\u00e9fono m\u00f3vil en puntos verdes y un 47% almacena los dispositivos antiguos en casa - Celside Magazine","isPartOf":{"@id":"https:\/\/www.celside-magazine.com\/fr-fr\/#website"},"primaryImageOfPage":{"@id":"https:\/\/www.celside-magazine.com\/es-es\/solo-el-10-de-los-espanoles-recicla-su-telefono-movil-en-puntos-verdes-y-un-47-almacena-los-dispositivos-antiguos-en-casa\/#primaryimage"},"datePublished":"2020-06-04T11:02:50+00:00","dateModified":"2020-06-09T10:08:29+00:00","author":{"@id":"https:\/\/www.celside-magazine.com\/fr-fr\/#\/schema\/person\/0f72cbc3759b935e65d728e2cf137266"},"breadcrumb":{"@id":"https:\/\/www.celside-magazine.com\/es-es\/solo-el-10-de-los-espanoles-recicla-su-telefono-movil-en-puntos-verdes-y-un-47-almacena-los-dispositivos-antiguos-en-casa\/#breadcrumb"},"inLanguage":"es","potentialAction":[{"@type":"ReadAction","target":["https:\/\/www.celside-magazine.com\/es-es\/solo-el-10-de-los-espanoles-recicla-su-telefono-movil-en-puntos-verdes-y-un-47-almacena-los-dispositivos-antiguos-en-casa\/"]}]},{"@type":"BreadcrumbList","@id":"https:\/\/www.celside-magazine.com\/es-es\/solo-el-10-de-los-espanoles-recicla-su-telefono-movil-en-puntos-verdes-y-un-47-almacena-los-dispositivos-antiguos-en-casa\/#breadcrumb","itemListElement":[{"@type":"ListItem","position":1,"name":"Accueil","item":"https:\/\/www.celside-magazine.com\/es-es\/"},{"@type":"ListItem","position":2,"name":"Solo el 10% de los espa\u00f1oles recicla su tel\u00e9fono m\u00f3vil en puntos verdes y un 47% almacena los dispositivos antiguos en casa"}]},{"@type":"Person","@id":"https:\/\/www.celside-magazine.com\/fr-fr\/#\/schema\/person\/0f72cbc3759b935e65d728e2cf137266","name":"Celside"}]}},"amp_enabled":true,"_links":{"self":[{"href":"https:\/\/www.celside-magazine.com\/es-es\/wp-json\/wp\/v2\/posts\/3442"}],"collection":[{"href":"https:\/\/www.celside-magazine.com\/es-es\/wp-json\/wp\/v2\/posts"}],"about":[{"href":"https:\/\/www.celside-magazine.com\/es-es\/wp-json\/wp\/v2\/types\/post"}],"author":[{"embeddable":true,"href":"https:\/\/www.celside-magazine.com\/es-es\/wp-json\/wp\/v2\/users\/16"}],"replies":[{"embeddable":true,"href":"https:\/\/www.celside-magazine.com\/es-es\/wp-json\/wp\/v2\/comments?post=3442"}],"version-history":[{"count":0,"href":"https:\/\/www.celside-magazine.com\/es-es\/wp-json\/wp\/v2\/posts\/3442\/revisions"}],"wp:featuredmedia":[{"embeddable":true,"href":"https:\/\/www.celside-magazine.com\/es-es\/wp-json\/wp\/v2\/media\/3580"}],"wp:attachment":[{"href":"https:\/\/www.celside-magazine.com\/es-es\/wp-json\/wp\/v2\/media?parent=3442"}],"wp:term":[{"taxonomy":"category","embeddable":true,"href":"https:\/\/www.celside-magazine.com\/es-es\/wp-json\/wp\/v2\/categories?post=3442"}],"curies":[{"name":"wp","href":"https:\/\/api.w.org\/{rel}","templated":true}]}}