{"id":178600,"date":"2021-03-16T09:41:22","date_gmt":"2021-03-16T08:41:22","guid":{"rendered":"https:\/\/www.celside-magazine.com\/?p=178600"},"modified":"2021-03-16T09:41:24","modified_gmt":"2021-03-16T08:41:24","slug":"barometro-da-vida-digital-4-em-cada-5-portugueses-utiliza-o-telemovel-logo-ao-acordar","status":"publish","type":"post","link":"https:\/\/www.celside-magazine.com\/pt-pt\/barometro-da-vida-digital-4-em-cada-5-portugueses-utiliza-o-telemovel-logo-ao-acordar\/","title":{"rendered":"Bar\u00f3metro da Vida Digital: 4 em cada 5 portugueses utiliza o telem\u00f3vel logo ao acordar"},"content":{"rendered":"\n<p>O papel dos smartphones foi fundamental para atravessar os momentos mais dif\u00edceis do segundo confinamento. E ganhou relev\u00e2ncia relativamente ao per\u00edodo pr\u00e9 pandemia, revela o Bar\u00f3metro Vida Digital dos Portugueses, realizado pela <a href=\"https:\/\/www.celside-magazine.com\/pt-pt\/celside-chega-a-portugal\/\">Celside Insurance<\/a>, l\u00edder europeu em seguros para telem\u00f3veis e dispositivos multim\u00e9dia, em parceria com a Boutique Research, especialista em estudos de mercado e de opini\u00e3o.<\/p>\n\n\n\n<p>Neste artigo revelamos as principais conclus\u00f5es de um estudo realizado em Fevereiro de 2021, que revela a rela\u00e7\u00e3o dos portugueses com a vida digital.<\/p>\n\n\n\n<h4>Tecnologia em tempos de confinamento<\/h4>\n\n\n\n<p>A quase totalidade dos portugueses (96%) considera que o telem\u00f3vel teve um papel positivo durante o segundo confinamento. Nomeadamente porque os ajudou a estar mais pr\u00f3ximos de familiares e\/ou amigos (62%) e a entreter-se, distrair-se ou relaxar (51%) ou a sentir-se menos sozinhos (31%).<\/p>\n\n\n\n<p>Seja para estar em contacto com aqueles que nos s\u00e3o queridos, para fazer compras ou teletrabalhar, a tecnologia ganhou relev\u00e2ncia no contexto pand\u00e9mico. E ajudou a aliviar os efeitos negativos do confinamento, como o isolamento social e o aborrecimento inerente.<\/p>\n\n\n\n<p>Na verdade apesar da \u201cfadiga da quarentena\u201d, segundo o Bar\u00f3metro da Vida Digital Celside,&nbsp;<strong>58% dos portugueses considera que o segundo confinamento est\u00e1 a ser igual ou mais f\u00e1cil que o primeiro<\/strong>.&nbsp;<\/p>\n\n\n\n<h4>Numa rela\u00e7\u00e3o com&#8230; o smartphone<\/h4>\n\n\n\n<p>Para a maioria dos inquiridos (75%) passar sem o smartphone \u00e9 muito dif\u00edcil (35%) ou relativamente dif\u00edcil (40%). Comparando com o per\u00edodo pr\u00e9 pandemia, para&nbsp;<strong>43% dos portugueses, passar sem o smartphone \u00e9 agora mais dif\u00edcil<\/strong> porque este objeto os ajuda a manter o contacto com as pessoas com quem n\u00e3o podem estar (78%) e lhes faz companhia ou ajuda a distrair (53%).<\/p>\n\n\n\n<p>Desta forma, para&nbsp;<strong>54% dos portugueses, o telem\u00f3vel \u00e9 o objeto que mais lhes custaria perder<\/strong>, \u00e0 frente das chaves de casa (31%) ou do cart\u00e3o banc\u00e1rio (27%). Uma rela\u00e7\u00e3o t\u00e3o pr\u00f3xima que, de acordo com o bar\u00f3metro da vida digital, <strong>4 em cada 5 portugueses usam o telem\u00f3vel logo ao acordar&nbsp;<\/strong>(81%) e 79% fazem-no antes de ir dormir.&nbsp;<\/p>\n\n\n\n<p>Assim, e seguindo esta l\u00f3gica, em caso de roubo ou avaria, uma expressiva maioria dos inquiridos,&nbsp;<strong>72%, n\u00e3o esperaria mais do que alguns dias para comprar um telem\u00f3vel novo.<\/strong><\/p>\n\n\n\n<h4><strong>O impacto da pandemia&nbsp;<\/strong><\/h4>\n\n\n\n<p>De acordo com o Bar\u00f3metro Vida Digital, os portugueses passam uma m\u00e9dia de 5 horas por dia a olhar para os ecr\u00e3s. Isto inclui  smartphone, computador, televis\u00e3o e tablet. E gastam em m\u00e9dia&nbsp;<strong>2,9 horas a olhar para os ecr\u00e3s dos seus smartphones<\/strong>.&nbsp;<\/p>\n\n\n\n<p>Aqui, registam-se diferen\u00e7as estat\u00edsticas significativas por dispositivo: enquanto as gera\u00e7\u00f5es mais novas passam mais tempo a olhar para o smartphone (3,8 horas no caso da Gera\u00e7\u00e3o Z, at\u00e9 aos 21 anos, e 3,7 no caso dos Millennials, at\u00e9 aos 34 anos), \u00e0 medida que a idade aumenta, o smartphone vai sendo substitu\u00eddo pela televis\u00e3o.<\/p>\n\n\n\n<h4>Mais compras online<\/h4>\n\n\n\n<p>Tamb\u00e9m as compras online aumentaram quando comparadas com o per\u00edodo pr\u00e9 pandemia. Se 88% dos inquiridos declara fazer compras online, 66% responde que durante a pandemia aumentou este tipo de compras. Por outro lado, <strong>30% dos portugueses realiza compras online pelo menos uma vez por semana<\/strong>.&nbsp;<\/p>\n\n\n\n<p>As categorias de compras online que mais aumentaram em tempos de pandemia s\u00e3o: roupa\/acess\u00f3rios (56%), restaura\u00e7\u00e3o\/food delivery (54%) e supermercado (48%).&nbsp;<\/p>\n\n\n\n<h4><strong>O triunfo do teletrabalho<\/strong><\/h4>\n\n\n\n<p>Outro dado significativo que o bar\u00f3metro vida digital revela \u00e9 que, ultrapassada a pandemia,&nbsp;<strong>81% dos portugueses gostaria de se manter em teletrabalho<\/strong>. Dentro dos que respondem afirmativamente, 1\/3 n\u00e3o se importaria de o fazer todos os dias.<\/p>\n\n\n\n<p>Se um n\u00famero significativo de inquiridos gostaria de continuar a trabalhar sem ter de voltar a p\u00f4r os p\u00e9s no escrit\u00f3rio,&nbsp;<strong>19% considera que o teletrabalho foi uma m\u00e1 experi\u00eancia<\/strong>que n\u00e3o gostaria de repetir.<\/p>\n","protected":false},"excerpt":{"rendered":"<p>O papel dos smartphones foi fundamental para atravessar os momentos mais dif\u00edceis do segundo confinamento. E ganhou relev\u00e2ncia relativamente ao per\u00edodo pr\u00e9 pandemia, revela o Bar\u00f3metro Vida Digital dos Portugueses,&hellip;<\/p>\n","protected":false},"author":61,"featured_media":178606,"comment_status":"closed","ping_status":"open","sticky":false,"template":"","format":"standard","meta":[],"categories":[568,562,556,580,559],"yoast_head":"<!-- This site is optimized with the Yoast SEO plugin v17.4 - https:\/\/yoast.com\/wordpress\/plugins\/seo\/ -->\n<title>Bar\u00f3metro Vida Digital dos Portugueses - Celside Magazine<\/title>\n<meta name=\"description\" content=\"O Bar\u00f3metro Vida Digital revela que 4 em cada 5 portugueses usa o telem\u00f3vel logo ao acordar e outros dados sobre a rela\u00e7\u00e3o com a tecnologia\" \/>\n<meta name=\"robots\" content=\"index, follow, max-snippet:-1, max-image-preview:large, max-video-preview:-1\" \/>\n<link rel=\"canonical\" href=\"https:\/\/www.celside-magazine.com\/pt-pt\/barometro-da-vida-digital-4-em-cada-5-portugueses-utiliza-o-telemovel-logo-ao-acordar\/\" \/>\n<meta property=\"og:locale\" content=\"pt_PT\" \/>\n<meta property=\"og:type\" content=\"article\" \/>\n<meta property=\"og:title\" content=\"Bar\u00f3metro Vida Digital dos Portugueses - Celside Magazine\" \/>\n<meta property=\"og:description\" content=\"O Bar\u00f3metro Vida Digital revela que 4 em cada 5 portugueses usa o telem\u00f3vel logo ao acordar e outros dados sobre a rela\u00e7\u00e3o com a tecnologia\" \/>\n<meta property=\"og:url\" content=\"https:\/\/www.celside-magazine.com\/pt-pt\/barometro-da-vida-digital-4-em-cada-5-portugueses-utiliza-o-telemovel-logo-ao-acordar\/\" \/>\n<meta property=\"og:site_name\" content=\"Celside Magazine\" \/>\n<meta property=\"article:published_time\" content=\"2021-03-16T08:41:22+00:00\" \/>\n<meta property=\"article:modified_time\" content=\"2021-03-16T08:41:24+00:00\" \/>\n<meta property=\"og:image\" content=\"https:\/\/www.celside-magazine.com\/app\/uploads\/2021\/03\/117193502_327152751987022_6531715534275226471_o.jpg\" \/>\n\t<meta property=\"og:image:width\" content=\"1728\" \/>\n\t<meta property=\"og:image:height\" content=\"1152\" \/>\n<meta name=\"twitter:card\" content=\"summary_large_image\" \/>\n<meta name=\"twitter:label1\" content=\"Written by\" \/>\n\t<meta name=\"twitter:data1\" content=\"Celside\" \/>\n\t<meta name=\"twitter:label2\" content=\"Est. reading time\" \/>\n\t<meta name=\"twitter:data2\" content=\"3 minutes\" \/>\n<script type=\"application\/ld+json\" class=\"yoast-schema-graph\">{\"@context\":\"https:\/\/schema.org\",\"@graph\":[{\"@type\":\"WebSite\",\"@id\":\"https:\/\/www.celside-magazine.com\/fr-fr\/#website\",\"url\":\"https:\/\/www.celside-magazine.com\/fr-fr\/\",\"name\":\"Celside Magazine\",\"description\":\"Celside Insurance Magazine\",\"potentialAction\":[{\"@type\":\"SearchAction\",\"target\":{\"@type\":\"EntryPoint\",\"urlTemplate\":\"https:\/\/www.celside-magazine.com\/fr-fr\/?s={search_term_string}\"},\"query-input\":\"required name=search_term_string\"}],\"inLanguage\":\"pt-PT\"},{\"@type\":\"ImageObject\",\"@id\":\"https:\/\/www.celside-magazine.com\/pt-pt\/barometro-da-vida-digital-4-em-cada-5-portugueses-utiliza-o-telemovel-logo-ao-acordar\/#primaryimage\",\"inLanguage\":\"pt-PT\",\"url\":\"https:\/\/www.celside-magazine.com\/app\/uploads\/2021\/03\/117193502_327152751987022_6531715534275226471_o.jpg\",\"contentUrl\":\"https:\/\/www.celside-magazine.com\/app\/uploads\/2021\/03\/117193502_327152751987022_6531715534275226471_o.jpg\",\"width\":1728,\"height\":1152},{\"@type\":\"WebPage\",\"@id\":\"https:\/\/www.celside-magazine.com\/pt-pt\/barometro-da-vida-digital-4-em-cada-5-portugueses-utiliza-o-telemovel-logo-ao-acordar\/#webpage\",\"url\":\"https:\/\/www.celside-magazine.com\/pt-pt\/barometro-da-vida-digital-4-em-cada-5-portugueses-utiliza-o-telemovel-logo-ao-acordar\/\",\"name\":\"Bar\\u00f3metro Vida Digital dos Portugueses - Celside Magazine\",\"isPartOf\":{\"@id\":\"https:\/\/www.celside-magazine.com\/fr-fr\/#website\"},\"primaryImageOfPage\":{\"@id\":\"https:\/\/www.celside-magazine.com\/pt-pt\/barometro-da-vida-digital-4-em-cada-5-portugueses-utiliza-o-telemovel-logo-ao-acordar\/#primaryimage\"},\"datePublished\":\"2021-03-16T08:41:22+00:00\",\"dateModified\":\"2021-03-16T08:41:24+00:00\",\"author\":{\"@id\":\"https:\/\/www.celside-magazine.com\/fr-fr\/#\/schema\/person\/92820085d7fc18c64b952ce74f9cb4ba\"},\"description\":\"O Bar\\u00f3metro Vida Digital revela que 4 em cada 5 portugueses usa o telem\\u00f3vel logo ao acordar e outros dados sobre a rela\\u00e7\\u00e3o com a tecnologia\",\"breadcrumb\":{\"@id\":\"https:\/\/www.celside-magazine.com\/pt-pt\/barometro-da-vida-digital-4-em-cada-5-portugueses-utiliza-o-telemovel-logo-ao-acordar\/#breadcrumb\"},\"inLanguage\":\"pt-PT\",\"potentialAction\":[{\"@type\":\"ReadAction\",\"target\":[\"https:\/\/www.celside-magazine.com\/pt-pt\/barometro-da-vida-digital-4-em-cada-5-portugueses-utiliza-o-telemovel-logo-ao-acordar\/\"]}]},{\"@type\":\"BreadcrumbList\",\"@id\":\"https:\/\/www.celside-magazine.com\/pt-pt\/barometro-da-vida-digital-4-em-cada-5-portugueses-utiliza-o-telemovel-logo-ao-acordar\/#breadcrumb\",\"itemListElement\":[{\"@type\":\"ListItem\",\"position\":1,\"name\":\"Accueil\",\"item\":\"https:\/\/www.celside-magazine.com\/pt-pt\/\"},{\"@type\":\"ListItem\",\"position\":2,\"name\":\"Bar\\u00f3metro da Vida Digital: 4 em cada 5 portugueses utiliza o telem\\u00f3vel logo ao acordar\"}]},{\"@type\":\"Person\",\"@id\":\"https:\/\/www.celside-magazine.com\/fr-fr\/#\/schema\/person\/92820085d7fc18c64b952ce74f9cb4ba\",\"name\":\"Madalena Galamba\"}]}<\/script>\n<!-- \/ Yoast SEO plugin. -->","yoast_head_json":{"title":"Bar\u00f3metro Vida Digital dos Portugueses - Celside Magazine","description":"O Bar\u00f3metro Vida Digital revela que 4 em cada 5 portugueses usa o telem\u00f3vel logo ao acordar e outros dados sobre a rela\u00e7\u00e3o com a tecnologia","robots":{"index":"index","follow":"follow","max-snippet":"max-snippet:-1","max-image-preview":"max-image-preview:large","max-video-preview":"max-video-preview:-1"},"canonical":"https:\/\/www.celside-magazine.com\/pt-pt\/barometro-da-vida-digital-4-em-cada-5-portugueses-utiliza-o-telemovel-logo-ao-acordar\/","og_locale":"pt_PT","og_type":"article","og_title":"Bar\u00f3metro Vida Digital dos Portugueses - Celside Magazine","og_description":"O Bar\u00f3metro Vida Digital revela que 4 em cada 5 portugueses usa o telem\u00f3vel logo ao acordar e outros dados sobre a rela\u00e7\u00e3o com a tecnologia","og_url":"https:\/\/www.celside-magazine.com\/pt-pt\/barometro-da-vida-digital-4-em-cada-5-portugueses-utiliza-o-telemovel-logo-ao-acordar\/","og_site_name":"Celside Magazine","article_published_time":"2021-03-16T08:41:22+00:00","article_modified_time":"2021-03-16T08:41:24+00:00","og_image":[{"width":1728,"height":1152,"url":"https:\/\/www.celside-magazine.com\/app\/uploads\/2021\/03\/117193502_327152751987022_6531715534275226471_o.jpg","type":"image\/jpeg"}],"twitter_card":"summary_large_image","twitter_misc":{"Written by":"Celside","Est. reading time":"3 minutes"},"schema":{"@context":"https:\/\/schema.org","@graph":[{"@type":"WebSite","@id":"https:\/\/www.celside-magazine.com\/fr-fr\/#website","url":"https:\/\/www.celside-magazine.com\/fr-fr\/","name":"Celside Magazine","description":"Celside Insurance Magazine","potentialAction":[{"@type":"SearchAction","target":{"@type":"EntryPoint","urlTemplate":"https:\/\/www.celside-magazine.com\/fr-fr\/?s={search_term_string}"},"query-input":"required name=search_term_string"}],"inLanguage":"pt-PT"},{"@type":"ImageObject","@id":"https:\/\/www.celside-magazine.com\/pt-pt\/barometro-da-vida-digital-4-em-cada-5-portugueses-utiliza-o-telemovel-logo-ao-acordar\/#primaryimage","inLanguage":"pt-PT","url":"https:\/\/www.celside-magazine.com\/app\/uploads\/2021\/03\/117193502_327152751987022_6531715534275226471_o.jpg","contentUrl":"https:\/\/www.celside-magazine.com\/app\/uploads\/2021\/03\/117193502_327152751987022_6531715534275226471_o.jpg","width":1728,"height":1152},{"@type":"WebPage","@id":"https:\/\/www.celside-magazine.com\/pt-pt\/barometro-da-vida-digital-4-em-cada-5-portugueses-utiliza-o-telemovel-logo-ao-acordar\/#webpage","url":"https:\/\/www.celside-magazine.com\/pt-pt\/barometro-da-vida-digital-4-em-cada-5-portugueses-utiliza-o-telemovel-logo-ao-acordar\/","name":"Bar\u00f3metro Vida Digital dos Portugueses - Celside Magazine","isPartOf":{"@id":"https:\/\/www.celside-magazine.com\/fr-fr\/#website"},"primaryImageOfPage":{"@id":"https:\/\/www.celside-magazine.com\/pt-pt\/barometro-da-vida-digital-4-em-cada-5-portugueses-utiliza-o-telemovel-logo-ao-acordar\/#primaryimage"},"datePublished":"2021-03-16T08:41:22+00:00","dateModified":"2021-03-16T08:41:24+00:00","author":{"@id":"https:\/\/www.celside-magazine.com\/fr-fr\/#\/schema\/person\/92820085d7fc18c64b952ce74f9cb4ba"},"description":"O Bar\u00f3metro Vida Digital revela que 4 em cada 5 portugueses usa o telem\u00f3vel logo ao acordar e outros dados sobre a rela\u00e7\u00e3o com a tecnologia","breadcrumb":{"@id":"https:\/\/www.celside-magazine.com\/pt-pt\/barometro-da-vida-digital-4-em-cada-5-portugueses-utiliza-o-telemovel-logo-ao-acordar\/#breadcrumb"},"inLanguage":"pt-PT","potentialAction":[{"@type":"ReadAction","target":["https:\/\/www.celside-magazine.com\/pt-pt\/barometro-da-vida-digital-4-em-cada-5-portugueses-utiliza-o-telemovel-logo-ao-acordar\/"]}]},{"@type":"BreadcrumbList","@id":"https:\/\/www.celside-magazine.com\/pt-pt\/barometro-da-vida-digital-4-em-cada-5-portugueses-utiliza-o-telemovel-logo-ao-acordar\/#breadcrumb","itemListElement":[{"@type":"ListItem","position":1,"name":"Accueil","item":"https:\/\/www.celside-magazine.com\/pt-pt\/"},{"@type":"ListItem","position":2,"name":"Bar\u00f3metro da Vida Digital: 4 em cada 5 portugueses utiliza o telem\u00f3vel logo ao acordar"}]},{"@type":"Person","@id":"https:\/\/www.celside-magazine.com\/fr-fr\/#\/schema\/person\/92820085d7fc18c64b952ce74f9cb4ba","name":"Madalena Galamba"}]}},"amp_enabled":true,"_links":{"self":[{"href":"https:\/\/www.celside-magazine.com\/pt-pt\/wp-json\/wp\/v2\/posts\/178600"}],"collection":[{"href":"https:\/\/www.celside-magazine.com\/pt-pt\/wp-json\/wp\/v2\/posts"}],"about":[{"href":"https:\/\/www.celside-magazine.com\/pt-pt\/wp-json\/wp\/v2\/types\/post"}],"author":[{"embeddable":true,"href":"https:\/\/www.celside-magazine.com\/pt-pt\/wp-json\/wp\/v2\/users\/61"}],"replies":[{"embeddable":true,"href":"https:\/\/www.celside-magazine.com\/pt-pt\/wp-json\/wp\/v2\/comments?post=178600"}],"version-history":[{"count":3,"href":"https:\/\/www.celside-magazine.com\/pt-pt\/wp-json\/wp\/v2\/posts\/178600\/revisions"}],"predecessor-version":[{"id":178612,"href":"https:\/\/www.celside-magazine.com\/pt-pt\/wp-json\/wp\/v2\/posts\/178600\/revisions\/178612"}],"wp:featuredmedia":[{"embeddable":true,"href":"https:\/\/www.celside-magazine.com\/pt-pt\/wp-json\/wp\/v2\/media\/178606"}],"wp:attachment":[{"href":"https:\/\/www.celside-magazine.com\/pt-pt\/wp-json\/wp\/v2\/media?parent=178600"}],"wp:term":[{"taxonomy":"category","embeddable":true,"href":"https:\/\/www.celside-magazine.com\/pt-pt\/wp-json\/wp\/v2\/categories?post=178600"}],"curies":[{"name":"wp","href":"https:\/\/api.w.org\/{rel}","templated":true}]}}